{"id":2486,"date":"2010-11-18T00:41:04","date_gmt":"2010-11-17T23:41:04","guid":{"rendered":"http:\/\/www.gewaltfrei-im-norden.de\/blog\/?p=2486"},"modified":"2010-11-17T21:58:48","modified_gmt":"2010-11-17T20:58:48","slug":"meine-zeit","status":"publish","type":"post","link":"https:\/\/www.giraffenohren.com\/?p=2486","title":{"rendered":"Meine Zeit"},"content":{"rendered":"<p>Hallo, Welt!<br \/>\nWas mache ich mit meiner Zeit? Wann ist es wertige Zeit? Warum habe ich bei Terminen am Abend das Gef\u00fchl, sie stehlen mir die Zeit? Warum habe ich nicht genug Zeit? Warum nehme ich mir nicht die Zeit&#8230;<br \/>\n<a href=\"http:\/\/www.gewaltfrei-im-norden.de\/blog\/wp-content\/uploads\/2010\/11\/11.jpg\"><img loading=\"lazy\" decoding=\"async\" src=\"http:\/\/www.gewaltfrei-im-norden.de\/blog\/wp-content\/uploads\/2010\/11\/11-300x251.jpg\" alt=\"\" title=\"Die Zeit (Salvatore Dali, Kunstdruck)\" width=\"300\" height=\"251\" class=\"alignleft size-medium wp-image-2490\" srcset=\"https:\/\/www.giraffenohren.com\/wp-content\/uploads\/2010\/11\/11-300x251.jpg 300w, https:\/\/www.giraffenohren.com\/wp-content\/uploads\/2010\/11\/11.jpg 550w\" sizes=\"auto, (max-width: 300px) 100vw, 300px\" \/><\/a><br \/>\nIch merke bei diesem Thema, dass mir Glaubenss\u00e4tze das Denken und F\u00fchlen erschweren. Wenn ich zum Sport gehe, tut mir das gut, ich mache etwas f\u00fcr meine Gesundheit, erf\u00fclle mir ein paar wunderbare Bed\u00fcrfnisse. Trotzdem: Abende im Sportstudio stehlen mir Zeit. Wie kann das sein?  <\/p>\n<p>Ich fand dazu eine interessante <a href=\"http:\/\/www.news.at\/articles\/0724\/613\/176915_s1\/wissenschaftlich-fuer-menschen-zeit\">Meldung<\/a>:<br \/>\n<em>Mit zunehmendem Alter wird die Zeit beschleunigt erlebt. Diese subjektive Erfahrung wurde erstmals durch exakte Messungen nachgewiesen, wie der deutsche Psychologe Richard Mahlberg in der Zeitschrift &#8222;Psychiatrische Praxis&#8220; belegt.<\/p>\n<p>Bei dem Versuch pr\u00e4sentierten die Forscher Testpersonen einen Reiz \u00fcber eine bestimmte Dauer. Anschlie\u00dfend mussten die Probanden ein m\u00f6glichst gleichlanges Zeitintervall reproduzieren. Die Ergebnisse zeigten laut Mahlberg, dass die Versuchspersonen mit zunehmendem Alter die Dauer des vorgegebenen Reizes l\u00e4nger einsch\u00e4tzten und daher auch einen l\u00e4ngeren Reiz reproduzierten. Verantwortlich daf\u00fcr sei eine St\u00f6rung der Aufmerksamkeit.<\/p>\n<p>Das Erstaunen \u00e4lterer Leute \u00fcber die schnell vergangene Zeit sei jedoch eher ein retrospektives Ph\u00e4nomen. Ein gut erinnerter Zeitpunkt sei seit einer erheblich l\u00e4ngeren Zeitspanne vergangen, als im Ged\u00e4chtnis repr\u00e4sentiert, erkl\u00e4rt Mahlberg.<br \/>\n<\/em><\/p>\n<p>Oh ha! Eine andere Quelle behauptet, es liege am Dopamin-Stoffwechsel im Gehirn&#8230; Wieso ist es nun in Ordnung, morgens Sport zu machen, aber abends stiehlt es mir die Zeit? Wieso ist es in Ordnung, in einen komat\u00f6sen Ersch\u00f6pfungsschlaf zu fallen, der zw\u00f6lf Stunden dauert, aber es f\u00fchlt sich \u201efalsch\u201c an, 90 Minuten Mittagsschlaf zu machen?<br \/>\nEs gibt Dinge, von denen etwas in mir denkt, ich m\u00fcsse sie machen. Papierkram zum Beispiel. B\u00fcgeln. Bestimmte Hausarbeiten. Und dann gibt es wieder Dinge, die kann ich manchmal nicht machen, obwohl ich gern m\u00f6chte. Golf spielen zum Beispiel, wenn ich 14 Tage durchgearbeitet habe. Und gerade dann bin ich zu ersch\u00f6pft und f\u00fchle mich auch einsam, wenn ich allein zum Golfplatz fahre. Ich gehe also lieber ins Bett. Ich jaule rum, weil ich keinen Kinofilm mehr zu sehen kriege. Aber wenn mich die Kollegen fragen, ob ich um 20.15 Uhr mit ins Cinemaxx komme, winke ich ab. Es wird mir dann zu sp\u00e4t mit dem Nachhausekommen&#8230;<br \/>\nWas will ich mit meiner Zeit anfangen? Was tut mir gut?<br \/>\nIch glaube, diesem Thema m\u00f6chte ich in den n\u00e4chsten Wochen mehr Aufmerksamkeit widmen.<br \/>\nWie geht es Euch mit dem Thema Zeit? M\u00f6gt Ihr mal erz\u00e4hlen? <\/p>\n<p>So long! <\/p>\n<p>Ysabelle<\/p>\n","protected":false},"excerpt":{"rendered":"<p>Hallo, Welt! Was mache ich mit meiner Zeit? Wann ist es wertige Zeit? Warum habe ich bei Terminen am Abend das Gef\u00fchl, sie stehlen mir die Zeit? Warum habe ich nicht genug Zeit? Warum nehme ich mir nicht die Zeit&#8230; Ich merke bei diesem Thema, dass mir Glaubenss\u00e4tze das Denken und F\u00fchlen erschweren. Wenn ich [&hellip;]<\/p>\n","protected":false},"author":1908,"featured_media":0,"comment_status":"open","ping_status":"closed","sticky":false,"template":"","format":"standard","meta":{"footnotes":""},"categories":[1],"tags":[],"class_list":["post-2486","post","type-post","status-publish","format-standard","hentry","category-tagebuch-ysabelle-wolfe"],"_links":{"self":[{"href":"https:\/\/www.giraffenohren.com\/index.php?rest_route=\/wp\/v2\/posts\/2486","targetHints":{"allow":["GET"]}}],"collection":[{"href":"https:\/\/www.giraffenohren.com\/index.php?rest_route=\/wp\/v2\/posts"}],"about":[{"href":"https:\/\/www.giraffenohren.com\/index.php?rest_route=\/wp\/v2\/types\/post"}],"author":[{"embeddable":true,"href":"https:\/\/www.giraffenohren.com\/index.php?rest_route=\/wp\/v2\/users\/1908"}],"replies":[{"embeddable":true,"href":"https:\/\/www.giraffenohren.com\/index.php?rest_route=%2Fwp%2Fv2%2Fcomments&post=2486"}],"version-history":[{"count":3,"href":"https:\/\/www.giraffenohren.com\/index.php?rest_route=\/wp\/v2\/posts\/2486\/revisions"}],"predecessor-version":[{"id":2491,"href":"https:\/\/www.giraffenohren.com\/index.php?rest_route=\/wp\/v2\/posts\/2486\/revisions\/2491"}],"wp:attachment":[{"href":"https:\/\/www.giraffenohren.com\/index.php?rest_route=%2Fwp%2Fv2%2Fmedia&parent=2486"}],"wp:term":[{"taxonomy":"category","embeddable":true,"href":"https:\/\/www.giraffenohren.com\/index.php?rest_route=%2Fwp%2Fv2%2Fcategories&post=2486"},{"taxonomy":"post_tag","embeddable":true,"href":"https:\/\/www.giraffenohren.com\/index.php?rest_route=%2Fwp%2Fv2%2Ftags&post=2486"}],"curies":[{"name":"wp","href":"https:\/\/api.w.org\/{rel}","templated":true}]}}